{"id":1666,"date":"2026-08-24T14:00:28","date_gmt":"2026-08-24T13:00:28","guid":{"rendered":"https:\/\/belkon.org\/?p=1666"},"modified":"2026-08-24T14:10:13","modified_gmt":"2026-08-24T13:10:13","slug":"eic-step-scale-up-2026-funding-europes-next-generation-of-strategic-technology-companies","status":"publish","type":"post","link":"https:\/\/belkon.org\/ca\/eic-step-scale-up-2026-funding-europes-next-generation-of-strategic-technology-companies\/","title":{"rendered":"EIC STEP Scale Up 2026: Finan\u00e7ant la pr\u00f2xima generaci\u00f3 d\u2019empreses europees de tecnologia estrat\u00e8gica."},"content":{"rendered":"<div data-elementor-type=\"wp-post\" data-elementor-id=\"1666\" class=\"elementor elementor-1666\" data-elementor-post-type=\"post\">\n\t\t\t\t<div class=\"elementor-element elementor-element-6812d7f3 e-flex e-con-boxed e-con e-parent\" data-id=\"6812d7f3\" data-element_type=\"container\" data-e-type=\"container\">\n\t\t\t\t\t<div class=\"e-con-inner\">\n\t\t\t\t<div class=\"elementor-element elementor-element-2974f79 elementor-widget elementor-widget-heading\" data-id=\"2974f79\" data-element_type=\"widget\" data-e-type=\"widget\" data-widget_type=\"heading.default\">\n\t\t\t\t<div class=\"elementor-widget-container\">\n\t\t\t\t\t<h1 class=\"elementor-heading-title elementor-size-default\">EIC STEP Scale Up 2026: Finan\u00e7ant la pr\u00f2xima generaci\u00f3 d\u2019empreses europees de tecnologia estrat\u00e8gica.<\/h1>\t\t\t\t<\/div>\n\t\t\t\t<\/div>\n\t\t\t\t<div class=\"elementor-element elementor-element-40593ff6 elementor-widget elementor-widget-text-editor\" data-id=\"40593ff6\" data-element_type=\"widget\" data-e-type=\"widget\" data-widget_type=\"text-editor.default\">\n\t\t\t\t<div class=\"elementor-widget-container\">\n\t\t\t\t\t\t\t\t\t\n<p class=\"wp-block-paragraph\">El Consell Europeu d\u2019Innovaci\u00f3 ha seleccionat un nou grup de scale-ups europees d\u2019alt potencial per a possibles inversions a trav\u00e9s de STEP Scale Up, destacant el paper creixent del finan\u00e7ament publicoprivat en l\u2019ecosistema europeu de tecnologies estrat\u00e8giques.<\/p>\n\n\n\n<p class=\"wp-block-paragraph\"><a href=\"https:\/\/eic.ec.europa.eu\/news\/eic-selects-new-european-scale-ups-step-scale-investments-2026-07-28_en\" rel=\"nofollow noopener\" target=\"_blank\">Font oficial \u2013 Consell Europeu d\u2019Innovaci\u00f3<\/a><\/p>\n\n\n\n<p class=\"wp-block-paragraph\"><\/p>\n\t\t\t\t\t\t\t\t<\/div>\n\t\t\t\t<\/div>\n\t\t\t\t\t<\/div>\n\t\t\t\t<\/div>\n\t\t\t\t<\/div>","protected":false},"excerpt":{"rendered":"<p>EIC STEP Scale Up 2026: Funding Europe\u2019s Next Generation of Strategic Technology Companies The European Innovation Council has selected a new group of high-potential European scale-ups for potential STEP Scale Up investments, highlighting the growing role of public-private financing in Europe\u2019s strategic technology ecosystem. Fuente Oficial &#8211; European Innovation Council<\/p>","protected":false},"author":2,"featured_media":0,"comment_status":"open","ping_status":"open","sticky":false,"template":"","format":"standard","meta":{"footnotes":""},"categories":[1],"tags":[],"class_list":["post-1666","post","type-post","status-publish","format-standard","hentry","category-sin-categoria"],"_links":{"self":[{"href":"https:\/\/belkon.org\/ca\/wp-json\/wp\/v2\/posts\/1666","targetHints":{"allow":["GET"]}}],"collection":[{"href":"https:\/\/belkon.org\/ca\/wp-json\/wp\/v2\/posts"}],"about":[{"href":"https:\/\/belkon.org\/ca\/wp-json\/wp\/v2\/types\/post"}],"author":[{"embeddable":true,"href":"https:\/\/belkon.org\/ca\/wp-json\/wp\/v2\/users\/2"}],"replies":[{"embeddable":true,"href":"https:\/\/belkon.org\/ca\/wp-json\/wp\/v2\/comments?post=1666"}],"version-history":[{"count":5,"href":"https:\/\/belkon.org\/ca\/wp-json\/wp\/v2\/posts\/1666\/revisions"}],"predecessor-version":[{"id":1677,"href":"https:\/\/belkon.org\/ca\/wp-json\/wp\/v2\/posts\/1666\/revisions\/1677"}],"wp:attachment":[{"href":"https:\/\/belkon.org\/ca\/wp-json\/wp\/v2\/media?parent=1666"}],"wp:term":[{"taxonomy":"category","embeddable":true,"href":"https:\/\/belkon.org\/ca\/wp-json\/wp\/v2\/categories?post=1666"},{"taxonomy":"post_tag","embeddable":true,"href":"https:\/\/belkon.org\/ca\/wp-json\/wp\/v2\/tags?post=1666"}],"curies":[{"name":"wp","href":"https:\/\/api.w.org\/{rel}","templated":true}]}}